{"id":2648,"date":"2020-03-20T22:00:00","date_gmt":"2020-03-20T21:00:00","guid":{"rendered":"http:\/\/www.datastore-3.com\/netvox-courtier-2\/actualites\/radars-controler-assurance-auto-vehicules-2\/"},"modified":"2025-07-07T15:54:45","modified_gmt":"2025-07-07T13:54:45","slug":"radars-controler-assurance-auto-vehicules","status":"publish","type":"post","link":"http:\/\/www.datastore-3.com\/netvox-courtier-2\/actualites\/radars-controler-assurance-auto-vehicules\/","title":{"rendered":"Des radars pour contr\u00f4ler l\u2019assurance auto des v\u00e9hicules"},"content":{"rendered":"<p>[vc_row][vc_column][vc_column_text]<\/p>\n<p>Le gouvernement va mettre en place de nouveaux radars sur les routes de France. Cette fois, ils n\u2019auront plus seulement vocation \u00e0 contr\u00f4ler la vitesse de d\u00e9placement des v\u00e9hicules mais \u00e0 v\u00e9rifier s\u2019ils sont bien assur\u00e9s. Le processus se met en place depuis 2016. Pourtant, c\u2019est bien depuis le 3 septembre 2019 que le projet radars pour l\u2019assurance auto s\u2019est concr\u00e9tis\u00e9.<\/p>\n<h2>Un projet datant de 2016<\/h2>\n<p>Depuis 2016, le Code de la Route pr\u00e9voit le versement d\u2019une amende pour les conducteurs mettant en circulation un v\u00e9hicule terrestre \u00e0 moteur sans assurance auto. Le gouvernement souhaite prolonger cette loi de modernisation pour la justice du XXI\u00e8me si\u00e8cle.<\/p>\n<p>Pour cela, il a d\u00e9cid\u00e9 d\u2019\u00e9tendre le champ d\u2019action des radars automatiques. Les d\u00e9fauts d\u2019assurance s\u2019ajoutent aujourd\u2019hui \u00e0 la liste d\u2019infractions que peuvent constater les radars automatiques. Aussi, le Code de la Route mentionne qu\u2019il est obligatoire pour chaque v\u00e9hicule \u00e0 moteur d\u2019\u00eatre couvert par une assurance auto, une assurance moto, une assurance cyclo\u2026<\/p>\n<h2>Quelle technologie pour les radars pour l\u2019assurance auto\u00a0?<\/h2>\n<p>Les agents verbaliseurs doivent \u00eatre en possession d\u2019un fichier listant l\u2019ensemble des v\u00e9hicules assur\u00e9s. On l\u2019appelle FVA soit, fichier des v\u00e9hicules assur\u00e9s. Gr\u00e2ce \u00e0 ce fichier, le radar n\u2019aura plus qu\u2019\u00e0 rep\u00e9rer, par d\u00e9duction, quels sont les v\u00e9hicules qui ne poss\u00e8dent pas d\u2019assurance auto, moto, cyclo, 2 roues etc.<\/p>\n<p>Les compagnies d\u2019assurance et les courtiers en assurance doivent contacter l&rsquo;Association pour la gestion des informations sur le risque en assurance (Agira) afin d\u2019actualiser le FVA. Ils doivent informer l\u2019organisme de chaque changement peu importe le v\u00e9hicule dont il est question. Les assureurs et les courtiers en assurance ont jusqu\u2019\u00e0 72h pour informer l\u2019Agira de chaque arriv\u00e9e ou d\u00e9part d\u2019un v\u00e9hicule du parc assur\u00e9.<\/p>\n<h2>Qui contr\u00f4le le tout\u00a0?<\/h2>\n<p>C\u2019est le syst\u00e8me de contr\u00f4le automatis\u00e9 (SCA) qui a la possibilit\u00e9 de connecter le FVA avec d\u2019autres fichiers tels que le fichier national des immatriculations.<\/p>\n<p>Quand un radar constatera une infraction chez un v\u00e9hicule, il produira un avis de contravention. Apr\u00e8s quoi la SCA v\u00e9rifiera si le v\u00e9hicule figure dans le FVA. Et si ce n\u2019est pas le cas, le titulaire du certificat d\u2019immatriculation recevra un avis d\u2019amende forfaitaire d\u00e9lictuelle. Pour les conducteurs non titulaires d\u2019une assurance auto, cyclo, moto, 2 roues etc., le gouvernement pr\u00e9voit d\u00e9sormais une amende forfaitaire. Elle peut aller jusqu\u2019\u00e0 3750 \u20ac.<\/p>\n<p>[\/vc_column_text][\/vc_column][\/vc_row]<\/p>\n","protected":false},"excerpt":{"rendered":"<p>[vc_row][vc_column][vc_column_text] Le gouvernement va mettre en place de nouveaux radars sur les routes de France. Cette fois, ils n\u2019auront plus seulement vocation \u00e0 contr\u00f4ler la vitesse de d\u00e9placement des v\u00e9hicules mais \u00e0 v\u00e9rifier s\u2019ils sont bien assur\u00e9s. Le processus se met en place depuis 2016. Pourtant, c\u2019est bien depuis le 3 septembre 2019 que le [&hellip;]<\/p>\n","protected":false},"author":0,"featured_media":0,"comment_status":"closed","ping_status":"closed","sticky":false,"template":"","format":"standard","meta":[],"categories":[9,22],"tags":[],"yoast_head":"<!-- This site is optimized with the Yoast SEO plugin v16.2 - https:\/\/yoast.com\/wordpress\/plugins\/seo\/ -->\n<title>Des radars pour contr\u00f4ler l\u2019assurance auto des v\u00e9hicules - Netvox - Courtier 2<\/title>\n<meta name=\"description\" content=\"Le gouvernement va mettre en place de nouveaux radars sur les routes de France qui v\u00e9rifieront si les conducteurs ont bien une assurance auto.\" \/>\n<meta name=\"robots\" content=\"index, follow, max-snippet:-1, max-image-preview:large, max-video-preview:-1\" \/>\n<link rel=\"canonical\" href=\"https:\/\/www.netvox-assurances.fr\/communication\/actualites\/radars-controler-assurance-auto-vehicules\/\" \/>\n<meta property=\"og:locale\" content=\"fr_FR\" \/>\n<meta property=\"og:type\" content=\"article\" \/>\n<meta property=\"og:title\" content=\"Des radars pour contr\u00f4ler l\u2019assurance auto des v\u00e9hicules - Netvox - Courtier 2\" \/>\n<meta property=\"og:description\" content=\"Le gouvernement va mettre en place de nouveaux radars sur les routes de France qui v\u00e9rifieront si les conducteurs ont bien une assurance auto.\" \/>\n<meta property=\"og:url\" content=\"https:\/\/www.netvox-assurances.fr\/communication\/actualites\/radars-controler-assurance-auto-vehicules\/\" \/>\n<meta property=\"og:site_name\" content=\"Netvox - Courtier 2\" \/>\n<meta property=\"article:published_time\" content=\"2020-03-20T21:00:00+00:00\" \/>\n<meta property=\"article:modified_time\" content=\"2025-07-07T13:54:45+00:00\" \/>\n<meta name=\"twitter:card\" content=\"summary_large_image\" \/>\n<meta name=\"twitter:label1\" content=\"Dur\u00e9e de lecture est.\">\n\t<meta name=\"twitter:data1\" content=\"2 minutes\">\n<script type=\"application\/ld+json\" class=\"yoast-schema-graph\">{\"@context\":\"https:\/\/schema.org\",\"@graph\":[{\"@type\":\"WebSite\",\"@id\":\"https:\/\/www.datastore-3.com\/netvox-courtier-2\/#website\",\"url\":\"https:\/\/www.datastore-3.com\/netvox-courtier-2\/\",\"name\":\"Netvox - Courtier 2\",\"description\":\"Site courtier : template 2\",\"potentialAction\":[{\"@type\":\"SearchAction\",\"target\":\"https:\/\/www.datastore-3.com\/netvox-courtier-2\/?s={search_term_string}\",\"query-input\":\"required name=search_term_string\"}],\"inLanguage\":\"fr-FR\"},{\"@type\":\"WebPage\",\"@id\":\"https:\/\/www.netvox-assurances.fr\/communication\/actualites\/radars-controler-assurance-auto-vehicules\/#webpage\",\"url\":\"https:\/\/www.netvox-assurances.fr\/communication\/actualites\/radars-controler-assurance-auto-vehicules\/\",\"name\":\"Des radars pour contr\\u00f4ler l\\u2019assurance auto des v\\u00e9hicules - Netvox - Courtier 2\",\"isPartOf\":{\"@id\":\"https:\/\/www.datastore-3.com\/netvox-courtier-2\/#website\"},\"datePublished\":\"2020-03-20T21:00:00+00:00\",\"dateModified\":\"2025-07-07T13:54:45+00:00\",\"author\":{\"@id\":\"\"},\"description\":\"Le gouvernement va mettre en place de nouveaux radars sur les routes de France qui v\\u00e9rifieront si les conducteurs ont bien une assurance auto.\",\"breadcrumb\":{\"@id\":\"https:\/\/www.netvox-assurances.fr\/communication\/actualites\/radars-controler-assurance-auto-vehicules\/#breadcrumb\"},\"inLanguage\":\"fr-FR\",\"potentialAction\":[{\"@type\":\"ReadAction\",\"target\":[\"https:\/\/www.netvox-assurances.fr\/communication\/actualites\/radars-controler-assurance-auto-vehicules\/\"]}]},{\"@type\":\"BreadcrumbList\",\"@id\":\"https:\/\/www.netvox-assurances.fr\/communication\/actualites\/radars-controler-assurance-auto-vehicules\/#breadcrumb\",\"itemListElement\":[{\"@type\":\"ListItem\",\"position\":1,\"item\":{\"@type\":\"WebPage\",\"@id\":\"https:\/\/www.datastore-3.com\/netvox-courtier-2\/\",\"url\":\"https:\/\/www.datastore-3.com\/netvox-courtier-2\/\",\"name\":\"home\"}},{\"@type\":\"ListItem\",\"position\":2,\"item\":{\"@id\":\"https:\/\/www.netvox-assurances.fr\/communication\/actualites\/radars-controler-assurance-auto-vehicules\/#webpage\"}}]}]}<\/script>\n<!-- \/ Yoast SEO plugin. -->","_links":{"self":[{"href":"http:\/\/www.datastore-3.com\/netvox-courtier-2\/wp-json\/wp\/v2\/posts\/2648"}],"collection":[{"href":"http:\/\/www.datastore-3.com\/netvox-courtier-2\/wp-json\/wp\/v2\/posts"}],"about":[{"href":"http:\/\/www.datastore-3.com\/netvox-courtier-2\/wp-json\/wp\/v2\/types\/post"}],"replies":[{"embeddable":true,"href":"http:\/\/www.datastore-3.com\/netvox-courtier-2\/wp-json\/wp\/v2\/comments?post=2648"}],"version-history":[{"count":1,"href":"http:\/\/www.datastore-3.com\/netvox-courtier-2\/wp-json\/wp\/v2\/posts\/2648\/revisions"}],"predecessor-version":[{"id":3090,"href":"http:\/\/www.datastore-3.com\/netvox-courtier-2\/wp-json\/wp\/v2\/posts\/2648\/revisions\/3090"}],"wp:attachment":[{"href":"http:\/\/www.datastore-3.com\/netvox-courtier-2\/wp-json\/wp\/v2\/media?parent=2648"}],"wp:term":[{"taxonomy":"category","embeddable":true,"href":"http:\/\/www.datastore-3.com\/netvox-courtier-2\/wp-json\/wp\/v2\/categories?post=2648"},{"taxonomy":"post_tag","embeddable":true,"href":"http:\/\/www.datastore-3.com\/netvox-courtier-2\/wp-json\/wp\/v2\/tags?post=2648"}],"curies":[{"name":"wp","href":"https:\/\/api.w.org\/{rel}","templated":true}]}}