{"id":2068,"date":"2020-08-04T20:00:00","date_gmt":"2020-08-04T18:00:00","guid":{"rendered":"http:\/\/www.datastore-3.com\/netvox-courtier-2\/actualites\/que-prend-en-charge-votre-complementaire-sante-si-vous-etes-touche-par-le-covid-19-2\/"},"modified":"2025-07-07T15:54:28","modified_gmt":"2025-07-07T13:54:28","slug":"que-prend-en-charge-votre-complementaire-sante-si-vous-etes-touche-par-le-covid-19","status":"publish","type":"post","link":"https:\/\/www.datastore-3.com\/netvox-courtier-2\/actualites\/que-prend-en-charge-votre-complementaire-sante-si-vous-etes-touche-par-le-covid-19\/","title":{"rendered":"Positif \u00e0 la Covid-19\u2009? R\u00f4le de la compl\u00e9mentaire sant\u00e9"},"content":{"rendered":"<p>[vc_row][vc_column][vc_column_text]<\/p>\n<p>Le gouvernement a pris de nombreuses mesures pour lutter contre la propagation du coronavirus. Confinement, mise en place de t\u00e9l\u00e9consultations, gestes barri\u00e8res\u2026 Mais quels sont les diff\u00e9rents frais que votre compl\u00e9mentaire sant\u00e9 prend en charge en cas d\u2019infection au Covid-19\u2009? Toutes les r\u00e9ponses d&rsquo;une assurance sant\u00e9 dans cet article.<\/p>\n<h2>Les consultations m\u00e9dicales et la compl\u00e9mentaire sant\u00e9<\/h2>\n<p>Si vous pensez \u00eatre malade du Covid-19 ou que vous en pr\u00e9sentez les principaux sympt\u00f4mes, vous voudrez probablement consulter un m\u00e9decin. En cette p\u00e9riode d\u2019\u00e9pid\u00e9mie, vous pourrez choisir une consultation en cabinet ou une t\u00e9l\u00e9consultation. Le gouvernement a mis en place cette derni\u00e8re pour r\u00e9duire le risque de propagation du virus.<\/p>\n<p>La consultation est factur\u00e9e de la m\u00eame mani\u00e8re que lors d\u2019une visite classique. En consultant votre m\u00e9decin traitant ou un autre m\u00e9decin g\u00e9n\u00e9raliste, la S\u00e9curit\u00e9 sociale vous remboursera 16,50 euros. Votre compl\u00e9mentaire assurance sant\u00e9 prendra en charge le montant restant.<\/p>\n<h2>Les m\u00e9dicaments et les dispositifs de pr\u00e9vention<\/h2>\n<p>En ce qui concerne les m\u00e9dicaments, leur prise en charge d\u00e9pend de leur service m\u00e9dical rendu (SMR). Le SMR regroupe des crit\u00e8res tels que la gravit\u00e9 de la pathologie trait\u00e9e et les donn\u00e9es propres au m\u00e9dicament (effets ind\u00e9sirables, par exemple). Plus le SMR d\u2019un m\u00e9dicament est \u00e9lev\u00e9, plus celui-ci sera pris en charge.<\/p>\n<p>Ainsi, si le m\u00e9decin vous prescrit des m\u00e9dicaments au SMR \u00e9lev\u00e9 pour traiter les sympt\u00f4mes du Covid-19 (parac\u00e9tamol, par exemple). La S\u00e9curit\u00e9 Sociale vous les remboursera \u00e0 hauteur de 65 % et votre compl\u00e9mentaire sant\u00e9 prendra en charge une partie ou la globalit\u00e9 des frais restants. Bien s\u00fbr, selon le taux de remboursement d\u00e9fini par l\u2019UNCAM.<\/p>\n<p>La s\u00e9curit\u00e9 sociale ne vous remboursera pas les dispositifs pr\u00e9ventifs tels que le gel hydroalcoolique, les gants et les masques. Ils restent \u00e0 votre charge. Sauf en cas d\u2019hospitalisation, o\u00f9 la S\u00e9curit\u00e9 Sociale les prend en charge \u00e0 100 %.<\/p>\n<h2>Compl\u00e9mentaire sant\u00e9 et test de d\u00e9pistage<\/h2>\n<p>Si vous souhaitez vous faire d\u00e9pister pour le Covid-19, il est pr\u00e9f\u00e9rable de faire une demande de prescription pour le test de d\u00e9pistage. En effet, un test en laboratoire sans prescription co\u00fbte 135 euros que ni la S\u00e9curit\u00e9 sociale, ni votre compl\u00e9mentaire sant\u00e9 ne remboursent.<\/p>\n<p>En revanche, si votre m\u00e9decin traitant vous prescrit le test de d\u00e9pistage, le montant de ce dernier ne s\u2019\u00e9l\u00e8vera qu\u2019\u00e0 54 euros. La S\u00e9curit\u00e9 sociale vous rembourse 60 % de cette somme. Votre compl\u00e9mentaire sant\u00e9 pourra prendre en charge une partie ou la globalit\u00e9 des frais restants.<\/p>\n<p>En outre, si le test de d\u00e9pistage du Covid-19 intervient au cours d\u2019une hospitalisation, il sera pris en charge \u00e0 100 %.<\/p>\n<h2>L\u2019hospitalisation<\/h2>\n<p>Le taux de remboursement \u00e0 la suite d\u2019une hospitalisation pour une infection au Covid-19 n\u2019est pas tout \u00e0 fait certain.<\/p>\n<p>Dans la majorit\u00e9 des cas, la S\u00e9curit\u00e9 sociale et votre compl\u00e9mentaire sant\u00e9 prennent en charge entre 80% \u00e0 100% des frais d\u2019hospitalisation. Cependant, selon les conditions de votre contrat, l\u2019hospitalisation en chambre individuelle et certaines prestations ne sont pas toujours rembours\u00e9es. Elles restent \u00e0 votre charge.<\/p>\n<p>En cas d\u2019infection au Covid-19, la S\u00e9curit\u00e9 sociale et votre mutuelle compl\u00e9mentaire prennent en charge de nombreux frais. Comme les consultations chez votre m\u00e9decin traitant, les m\u00e9dicaments et le test de d\u00e9pistage, s\u2019ils sont prescrits par ce dernier.\u00a0 Il en est de m\u00eame de l\u2019hospitalisation. Cependant, les dispositifs de pr\u00e9vention restent enti\u00e8rement \u00e0 votre charge.<\/p>\n<p>[\/vc_column_text]<\/p>\n<p>&nbsp;<\/p>\n<p><strong>A lire aussi :<\/strong><\/p>\n<ul>\n<li>Assurance sant\u00e9 : tous les bienfaits de la phytoth\u00e9rapie<\/li>\n<li>Assurance sant\u00e9 : Zoom sur le remboursement des soins dentaires<\/li>\n<li>Sant\u00e9 au travail : Un bien \u00eatre \u00e0 ne pas n\u00e9gliger<\/li>\n<\/ul>\n<p>[\/vc_column][\/vc_row]<\/p>\n","protected":false},"excerpt":{"rendered":"<p>[vc_row][vc_column][vc_column_text] Le gouvernement a pris de nombreuses mesures pour lutter contre la propagation du coronavirus. Confinement, mise en place de t\u00e9l\u00e9consultations, gestes barri\u00e8res\u2026 Mais quels sont les diff\u00e9rents frais que votre compl\u00e9mentaire sant\u00e9 prend en charge en cas d\u2019infection au Covid-19\u2009? Toutes les r\u00e9ponses d&rsquo;une assurance sant\u00e9 dans cet article. Les consultations m\u00e9dicales et la [&hellip;]<\/p>\n","protected":false},"author":0,"featured_media":0,"comment_status":"closed","ping_status":"closed","sticky":false,"template":"","format":"standard","meta":[],"categories":[16],"tags":[],"yoast_head":"<!-- This site is optimized with the Yoast SEO plugin v16.2 - https:\/\/yoast.com\/wordpress\/plugins\/seo\/ -->\n<title>Positif \u00e0 la Covid-19\u2009? R\u00f4le de la compl\u00e9mentaire sant\u00e9 - Netvox - Courtier 2<\/title>\n<meta name=\"description\" content=\"Consultations, m\u00e9dicaments, d\u00e9pistage du Covid-19, hospitalisation, dispositifs pr\u00e9ventifs\u2026 Les frais pris en charge par votre compl\u00e9mentaire sant\u00e9.\" \/>\n<meta name=\"robots\" content=\"index, follow, max-snippet:-1, max-image-preview:large, max-video-preview:-1\" \/>\n<link rel=\"canonical\" href=\"https:\/\/www.netvox-assurances.fr\/communication\/actualites\/que-prend-en-charge-votre-complementaire-sante-si-vous-etes-touche-par-le-covid-19\/\" \/>\n<meta property=\"og:locale\" content=\"fr_FR\" \/>\n<meta property=\"og:type\" content=\"article\" \/>\n<meta property=\"og:title\" content=\"Positif \u00e0 la Covid-19\u2009? R\u00f4le de la compl\u00e9mentaire sant\u00e9 - Netvox - Courtier 2\" \/>\n<meta property=\"og:description\" content=\"Consultations, m\u00e9dicaments, d\u00e9pistage du Covid-19, hospitalisation, dispositifs pr\u00e9ventifs\u2026 Les frais pris en charge par votre compl\u00e9mentaire sant\u00e9.\" \/>\n<meta property=\"og:url\" content=\"https:\/\/www.netvox-assurances.fr\/communication\/actualites\/que-prend-en-charge-votre-complementaire-sante-si-vous-etes-touche-par-le-covid-19\/\" \/>\n<meta property=\"og:site_name\" content=\"Netvox - Courtier 2\" \/>\n<meta property=\"article:published_time\" content=\"2020-08-04T18:00:00+00:00\" \/>\n<meta property=\"article:modified_time\" content=\"2025-07-07T13:54:28+00:00\" \/>\n<meta name=\"twitter:card\" content=\"summary_large_image\" \/>\n<meta name=\"twitter:label1\" content=\"Dur\u00e9e de lecture est.\">\n\t<meta name=\"twitter:data1\" content=\"3 minutes\">\n<script type=\"application\/ld+json\" class=\"yoast-schema-graph\">{\"@context\":\"https:\/\/schema.org\",\"@graph\":[{\"@type\":\"WebSite\",\"@id\":\"https:\/\/www.datastore-3.com\/netvox-courtier-2\/#website\",\"url\":\"https:\/\/www.datastore-3.com\/netvox-courtier-2\/\",\"name\":\"Netvox - Courtier 2\",\"description\":\"Site courtier : template 2\",\"potentialAction\":[{\"@type\":\"SearchAction\",\"target\":\"https:\/\/www.datastore-3.com\/netvox-courtier-2\/?s={search_term_string}\",\"query-input\":\"required name=search_term_string\"}],\"inLanguage\":\"fr-FR\"},{\"@type\":\"WebPage\",\"@id\":\"https:\/\/www.netvox-assurances.fr\/communication\/actualites\/que-prend-en-charge-votre-complementaire-sante-si-vous-etes-touche-par-le-covid-19\/#webpage\",\"url\":\"https:\/\/www.netvox-assurances.fr\/communication\/actualites\/que-prend-en-charge-votre-complementaire-sante-si-vous-etes-touche-par-le-covid-19\/\",\"name\":\"Positif \\u00e0 la Covid-19\\u2009? R\\u00f4le de la compl\\u00e9mentaire sant\\u00e9 - Netvox - Courtier 2\",\"isPartOf\":{\"@id\":\"https:\/\/www.datastore-3.com\/netvox-courtier-2\/#website\"},\"datePublished\":\"2020-08-04T18:00:00+00:00\",\"dateModified\":\"2025-07-07T13:54:28+00:00\",\"author\":{\"@id\":\"\"},\"description\":\"Consultations, m\\u00e9dicaments, d\\u00e9pistage du Covid-19, hospitalisation, dispositifs pr\\u00e9ventifs\\u2026 Les frais pris en charge par votre compl\\u00e9mentaire sant\\u00e9.\",\"breadcrumb\":{\"@id\":\"https:\/\/www.netvox-assurances.fr\/communication\/actualites\/que-prend-en-charge-votre-complementaire-sante-si-vous-etes-touche-par-le-covid-19\/#breadcrumb\"},\"inLanguage\":\"fr-FR\",\"potentialAction\":[{\"@type\":\"ReadAction\",\"target\":[\"https:\/\/www.netvox-assurances.fr\/communication\/actualites\/que-prend-en-charge-votre-complementaire-sante-si-vous-etes-touche-par-le-covid-19\/\"]}]},{\"@type\":\"BreadcrumbList\",\"@id\":\"https:\/\/www.netvox-assurances.fr\/communication\/actualites\/que-prend-en-charge-votre-complementaire-sante-si-vous-etes-touche-par-le-covid-19\/#breadcrumb\",\"itemListElement\":[{\"@type\":\"ListItem\",\"position\":1,\"item\":{\"@type\":\"WebPage\",\"@id\":\"https:\/\/www.datastore-3.com\/netvox-courtier-2\/\",\"url\":\"https:\/\/www.datastore-3.com\/netvox-courtier-2\/\",\"name\":\"home\"}},{\"@type\":\"ListItem\",\"position\":2,\"item\":{\"@id\":\"https:\/\/www.netvox-assurances.fr\/communication\/actualites\/que-prend-en-charge-votre-complementaire-sante-si-vous-etes-touche-par-le-covid-19\/#webpage\"}}]}]}<\/script>\n<!-- \/ Yoast SEO plugin. -->","_links":{"self":[{"href":"https:\/\/www.datastore-3.com\/netvox-courtier-2\/wp-json\/wp\/v2\/posts\/2068"}],"collection":[{"href":"https:\/\/www.datastore-3.com\/netvox-courtier-2\/wp-json\/wp\/v2\/posts"}],"about":[{"href":"https:\/\/www.datastore-3.com\/netvox-courtier-2\/wp-json\/wp\/v2\/types\/post"}],"replies":[{"embeddable":true,"href":"https:\/\/www.datastore-3.com\/netvox-courtier-2\/wp-json\/wp\/v2\/comments?post=2068"}],"version-history":[{"count":2,"href":"https:\/\/www.datastore-3.com\/netvox-courtier-2\/wp-json\/wp\/v2\/posts\/2068\/revisions"}],"predecessor-version":[{"id":2956,"href":"https:\/\/www.datastore-3.com\/netvox-courtier-2\/wp-json\/wp\/v2\/posts\/2068\/revisions\/2956"}],"wp:attachment":[{"href":"https:\/\/www.datastore-3.com\/netvox-courtier-2\/wp-json\/wp\/v2\/media?parent=2068"}],"wp:term":[{"taxonomy":"category","embeddable":true,"href":"https:\/\/www.datastore-3.com\/netvox-courtier-2\/wp-json\/wp\/v2\/categories?post=2068"},{"taxonomy":"post_tag","embeddable":true,"href":"https:\/\/www.datastore-3.com\/netvox-courtier-2\/wp-json\/wp\/v2\/tags?post=2068"}],"curies":[{"name":"wp","href":"https:\/\/api.w.org\/{rel}","templated":true}]}}