{"id":2161,"date":"2021-05-22T11:15:19","date_gmt":"2021-05-22T09:15:19","guid":{"rendered":"http:\/\/www.datastore-3.com\/netvox-courtier-2\/actualites\/traitement-et-remboursement-de-la-cataracte\/"},"modified":"2025-07-07T15:54:37","modified_gmt":"2025-07-07T13:54:37","slug":"traitement-et-remboursement-de-la-cataracte","status":"publish","type":"post","link":"https:\/\/www.datastore-3.com\/netvox-courtier-2\/actualites\/traitement-et-remboursement-de-la-cataracte\/","title":{"rendered":"Traitement et remboursement de la cataracte"},"content":{"rendered":"<p>[vc_row][vc_column][vc_column_text]La cataracte entra\u00eene une diminution progressive de la vision et touche principalement les seniors. Quels sont les sympt\u00f4mes\u00a0? Que faire pour se prot\u00e9ger\u00a0? La chirurgie est-elle incontournable\u00a0? Quel remboursement attendre\u00a0? Quelle est la prise en charge de l\u2019assurance sant\u00e9\u00a0? Cet article fait le point sur tout ce que vous voulez savoir sur la cataracte.<\/p>\n<h2>La cataracte\u00a0: qu\u2019est-ce que c\u2019est\u00a0?<\/h2>\n<p>La cataracte est une opacification partielle ou totale du cristallin de l\u2019\u0153il. Le cristallin est une lentille convergente transparente situ\u00e9e \u00e0 l\u2019arri\u00e8re de l\u2019iris qui permet la focalisation des rayons lumineux au centre de la r\u00e9tine.<\/p>\n<p>La cataracte est responsable de\u00a0:<\/p>\n<ul>\n<li>Troubles irr\u00e9versibles de la vision<\/li>\n<li>Baisse progressive de l\u2019acuit\u00e9 visuelle<\/li>\n<li>C\u00e9cit\u00e9<\/li>\n<li>Diminution de la qualit\u00e9 de vie<\/li>\n<\/ul>\n<p>La cataracte affecte g\u00e9n\u00e9ralement les deux yeux et ne peut \u00eatre corrig\u00e9e que par une <u>intervention chirurgicale.<\/u><\/p>\n<h2>Les causes et les sympt\u00f4mes<\/h2>\n<p>La cause principale de la cataracte est le vieillissement. Les autres causes sont\u00a0:<\/p>\n<ul>\n<li>Maladies oculaires, maladies chroniques\u00a0<\/li>\n<li>Traumatisme<\/li>\n<li>Tabac, alcool<\/li>\n<li>Exposition au soleil<\/li>\n<li>Origine cong\u00e9nitale<\/li>\n<\/ul>\n<p>Les sympt\u00f4mes annonciateurs de cataracte n\u00e9cessitant une consultation sont\u00a0:<\/p>\n<ul>\n<li>Vision floue et voil\u00e9e<\/li>\n<li>Sensibilit\u00e9 au soleil et \u00e0 la lumi\u00e8re<\/li>\n<li>Perception modifi\u00e9e des couleurs<\/li>\n<\/ul>\n<h2>Comment pr\u00e9venir et soigner la cataracte\u00a0?<\/h2>\n<p>La pr\u00e9vention de la cataracte passe par\u00a0:<\/p>\n<ul>\n<li>La suppression des facteurs de risque\u00a0: r\u00e8gles d\u2019hygi\u00e8ne, protection des yeux\u00a0;<\/li>\n<li>Un examen r\u00e9gulier des yeux chez un ophtalmologiste.<\/li>\n<\/ul>\n<p>Le traitement de la cataracte est le suivant\u00a0:<\/p>\n<ul>\n<li>Au d\u00e9but, port de lunettes adapt\u00e9es ;<\/li>\n<li>Aucun traitement m\u00e9dicamenteux possible\u00a0;<\/li>\n<li>En cas d\u2019aggravation, traitement chirurgical seulement.<\/li>\n<\/ul>\n<h2>Chirurgie de la cataracte\u00a0: les d\u00e9marches<\/h2>\n<p>Vous souhaitez savoir comment se d\u00e9roule une chirurgie de la cataracte\u00a0? Comme toutes les op\u00e9rations, il vous faudra vous pr\u00e9parer avant l\u2019op\u00e9ration, et une fois celle-ci termin\u00e9e, vous aurez un traitement \u00e0 suivre.<\/p>\n<h3>Avant l\u2019op\u00e9ration, que se passe-t-il\u00a0?<\/h3>\n<p>Vous recevez tout d\u2019abord une information sur les avantages, les inconv\u00e9nients et les risques li\u00e9s \u00e0 l\u2019intervention. Vous devez ensuite pr\u00e9voirune consultation pr\u00e9-anesth\u00e9sie.<\/p>\n<h3>Pendant l\u2019op\u00e9ration, les techniques\u00a0?<\/h3>\n<p>L\u2019op\u00e9ration se d\u00e9roule sous anesth\u00e9sie locale (avec des gouttes), le plus souvent en ambulatoire et dure 15 \u00e0 30 minutes.<\/p>\n<p>Le chirurgien n\u2019op\u00e8re qu\u2019un seul \u0153il \u00e0 la fois en g\u00e9n\u00e9ral.<\/p>\n<p>L\u2019intervention se d\u00e9roule ainsi :<\/p>\n<ul>\n<li>Incision de la corn\u00e9e\u00a0;<\/li>\n<li>Incision du cristallin et extraction du contenu\u00a0;<\/li>\n<li>Mise en place de l\u2019implant de cristallin artificiel\u00a0;<\/li>\n<li>Contr\u00f4le de l\u2019\u00e9tanch\u00e9it\u00e9 de l\u2019incision (pas de fil de suture).<\/li>\n<\/ul>\n<p>La technique de r\u00e9f\u00e9rence est aujourd\u2019hui la phaco\u00e9mulsification (PKE)\u00a0: il s\u2019agit d\u2019extraire du contenu du cristallin opacifi\u00e9 par ultrason pour y placer une lentille intraoculaire \u00e0 la place. La lentille s\u2019adapte \u00e0 chaque patient.<\/p>\n<h3>Apr\u00e8s l\u2019intervention chirurgicale, ce qu\u2019il faut faire<\/h3>\n<p>Apr\u00e8s la chirurgie de la cataracte, la vue s\u2019am\u00e9liore imm\u00e9diatement.<\/p>\n<p>Le premier contr\u00f4le, pratiqu\u00e9 dans les 72 heures apr\u00e8s l\u2019intervention, v\u00e9rifie\u00a0:<\/p>\n<ul>\n<li>L\u2019\u00e9tanch\u00e9it\u00e9 de l\u2019incision\u00a0;<\/li>\n<li>La bonne position de l\u2019implant\u00a0;<\/li>\n<li>L\u2019absence d\u2019infection ou d\u2019inflammation.<\/li>\n<\/ul>\n<p>Un traitement postop\u00e9ratoire avec des collyres anti-inflammatoires, antibiotiques et agents dilatateurs de l\u2019iris dure 3 \u00e0 4 semaines.<\/p>\n<p>Un mois apr\u00e8s l\u2019op\u00e9ration, une visite de contr\u00f4le est organis\u00e9e pour v\u00e9rifier l\u2019acuit\u00e9 visuelle et prescrire \u00e9ventuellement des verres correcteurs.<\/p>\n<p>La reprise des activit\u00e9s habituelles est imm\u00e9diate tandis que la reprise des activit\u00e9s professionnelles et physiques d\u00e9pend de leur nature.<\/p>\n<h2>Chirurgie de la cataracte\u00a0: le remboursement et reste \u00e0 charge<\/h2>\n<p>Le niveau de remboursement par la S\u00e9curit\u00e9 sociale est fixe. Il est de 271,10\u20ac.<\/p>\n<p>Et votre reste charge d\u00e9pend du\u00a0:<\/p>\n<ul>\n<li>Mod\u00e8le de l\u2019implant\u00a0: monofocal ou multifocal. Le multifocal est plus cher que le monofocal d\u2019environ 500\u20ac.<\/li>\n<li>Secteur d\u2019exercice du chirurgien\u00a0: I ou II. Un chirurgien de secteur II appliquera des honoraires donc votre reste \u00e0 charge sera plus important en fonction de ce qu\u2019il applique.<\/li>\n<\/ul>\n<p>Mais ce reste \u00e0 charge varie selon <u>l\u2019assurance sant\u00e9<\/u> souscrite. Selon la formule choisie, vos garanties sont renforc\u00e9es et s\u2019adaptent totalement \u00e0 votre cas personnel.<\/p>\n<p>Par exemple, avec l\u2019assurance sant\u00e9 NetVox, vous b\u00e9n\u00e9ficier d\u2019un remboursement int\u00e9gral pour vos verres de classe A. Vos lentilles sont rembours\u00e9s jusqu\u2019\u00e0 100\u20ac par an et par b\u00e9n\u00e9ficiaire. Et la chirurgie de la myopie est rembours\u00e9e jusqu\u2019\u00e0 250\u20ac par an et par \u0153il.[\/vc_column_text][\/vc_column][\/vc_row]<\/p>\n","protected":false},"excerpt":{"rendered":"<p>[vc_row][vc_column][vc_column_text]La cataracte entra\u00eene une diminution progressive de la vision et touche principalement les seniors. Quels sont les sympt\u00f4mes\u00a0? Que faire pour se prot\u00e9ger\u00a0? La chirurgie est-elle incontournable\u00a0? Quel remboursement attendre\u00a0? Quelle est la prise en charge de l\u2019assurance sant\u00e9\u00a0? Cet article fait le point sur tout ce que vous voulez savoir sur la cataracte. La [&hellip;]<\/p>\n","protected":false},"author":0,"featured_media":0,"comment_status":"closed","ping_status":"closed","sticky":false,"template":"","format":"standard","meta":[],"categories":[16],"tags":[],"yoast_head":"<!-- This site is optimized with the Yoast SEO plugin v16.2 - https:\/\/yoast.com\/wordpress\/plugins\/seo\/ -->\n<title>Traitement et remboursement de la cataracte - Netvox - Courtier 2<\/title>\n<meta name=\"description\" content=\"Tout ce qu\u2019il faut savoir sur la cataracte : d\u00e9finition, causes, sympt\u00f4mes, traitement, remboursement, impact sur l\u2019assurance sant\u00e9\u2026\" \/>\n<meta name=\"robots\" content=\"index, follow, max-snippet:-1, max-image-preview:large, max-video-preview:-1\" \/>\n<link rel=\"canonical\" href=\"https:\/\/www.netvox-assurances.fr\/communication\/actualites\/traitement-et-remboursement-de-la-cataracte\/\" \/>\n<meta property=\"og:locale\" content=\"fr_FR\" \/>\n<meta property=\"og:type\" content=\"article\" \/>\n<meta property=\"og:title\" content=\"Traitement et remboursement de la cataracte - Netvox - Courtier 2\" \/>\n<meta property=\"og:description\" content=\"Tout ce qu\u2019il faut savoir sur la cataracte : d\u00e9finition, causes, sympt\u00f4mes, traitement, remboursement, impact sur l\u2019assurance sant\u00e9\u2026\" \/>\n<meta property=\"og:url\" content=\"https:\/\/www.netvox-assurances.fr\/communication\/actualites\/traitement-et-remboursement-de-la-cataracte\/\" \/>\n<meta property=\"og:site_name\" content=\"Netvox - Courtier 2\" \/>\n<meta property=\"article:published_time\" content=\"2021-05-22T09:15:19+00:00\" \/>\n<meta property=\"article:modified_time\" content=\"2025-07-07T13:54:37+00:00\" \/>\n<meta name=\"twitter:card\" content=\"summary_large_image\" \/>\n<meta name=\"twitter:label1\" content=\"Dur\u00e9e de lecture est.\">\n\t<meta name=\"twitter:data1\" content=\"4 minutes\">\n<script type=\"application\/ld+json\" class=\"yoast-schema-graph\">{\"@context\":\"https:\/\/schema.org\",\"@graph\":[{\"@type\":\"WebSite\",\"@id\":\"https:\/\/www.datastore-3.com\/netvox-courtier-2\/#website\",\"url\":\"https:\/\/www.datastore-3.com\/netvox-courtier-2\/\",\"name\":\"Netvox - Courtier 2\",\"description\":\"Site courtier : template 2\",\"potentialAction\":[{\"@type\":\"SearchAction\",\"target\":\"https:\/\/www.datastore-3.com\/netvox-courtier-2\/?s={search_term_string}\",\"query-input\":\"required name=search_term_string\"}],\"inLanguage\":\"fr-FR\"},{\"@type\":\"WebPage\",\"@id\":\"https:\/\/www.netvox-assurances.fr\/communication\/actualites\/traitement-et-remboursement-de-la-cataracte\/#webpage\",\"url\":\"https:\/\/www.netvox-assurances.fr\/communication\/actualites\/traitement-et-remboursement-de-la-cataracte\/\",\"name\":\"Traitement et remboursement de la cataracte - Netvox - Courtier 2\",\"isPartOf\":{\"@id\":\"https:\/\/www.datastore-3.com\/netvox-courtier-2\/#website\"},\"datePublished\":\"2021-05-22T09:15:19+00:00\",\"dateModified\":\"2025-07-07T13:54:37+00:00\",\"author\":{\"@id\":\"\"},\"description\":\"Tout ce qu\\u2019il faut savoir sur la cataracte : d\\u00e9finition, causes, sympt\\u00f4mes, traitement, remboursement, impact sur l\\u2019assurance sant\\u00e9\\u2026\",\"breadcrumb\":{\"@id\":\"https:\/\/www.netvox-assurances.fr\/communication\/actualites\/traitement-et-remboursement-de-la-cataracte\/#breadcrumb\"},\"inLanguage\":\"fr-FR\",\"potentialAction\":[{\"@type\":\"ReadAction\",\"target\":[\"https:\/\/www.netvox-assurances.fr\/communication\/actualites\/traitement-et-remboursement-de-la-cataracte\/\"]}]},{\"@type\":\"BreadcrumbList\",\"@id\":\"https:\/\/www.netvox-assurances.fr\/communication\/actualites\/traitement-et-remboursement-de-la-cataracte\/#breadcrumb\",\"itemListElement\":[{\"@type\":\"ListItem\",\"position\":1,\"item\":{\"@type\":\"WebPage\",\"@id\":\"https:\/\/www.datastore-3.com\/netvox-courtier-2\/\",\"url\":\"https:\/\/www.datastore-3.com\/netvox-courtier-2\/\",\"name\":\"home\"}},{\"@type\":\"ListItem\",\"position\":2,\"item\":{\"@id\":\"https:\/\/www.netvox-assurances.fr\/communication\/actualites\/traitement-et-remboursement-de-la-cataracte\/#webpage\"}}]}]}<\/script>\n<!-- \/ Yoast SEO plugin. -->","_links":{"self":[{"href":"https:\/\/www.datastore-3.com\/netvox-courtier-2\/wp-json\/wp\/v2\/posts\/2161"}],"collection":[{"href":"https:\/\/www.datastore-3.com\/netvox-courtier-2\/wp-json\/wp\/v2\/posts"}],"about":[{"href":"https:\/\/www.datastore-3.com\/netvox-courtier-2\/wp-json\/wp\/v2\/types\/post"}],"replies":[{"embeddable":true,"href":"https:\/\/www.datastore-3.com\/netvox-courtier-2\/wp-json\/wp\/v2\/comments?post=2161"}],"version-history":[{"count":1,"href":"https:\/\/www.datastore-3.com\/netvox-courtier-2\/wp-json\/wp\/v2\/posts\/2161\/revisions"}],"predecessor-version":[{"id":2451,"href":"https:\/\/www.datastore-3.com\/netvox-courtier-2\/wp-json\/wp\/v2\/posts\/2161\/revisions\/2451"}],"wp:attachment":[{"href":"https:\/\/www.datastore-3.com\/netvox-courtier-2\/wp-json\/wp\/v2\/media?parent=2161"}],"wp:term":[{"taxonomy":"category","embeddable":true,"href":"https:\/\/www.datastore-3.com\/netvox-courtier-2\/wp-json\/wp\/v2\/categories?post=2161"},{"taxonomy":"post_tag","embeddable":true,"href":"https:\/\/www.datastore-3.com\/netvox-courtier-2\/wp-json\/wp\/v2\/tags?post=2161"}],"curies":[{"name":"wp","href":"https:\/\/api.w.org\/{rel}","templated":true}]}}